{"id":10043,"date":"2025-05-22T09:35:22","date_gmt":"2025-05-22T08:35:22","guid":{"rendered":"https:\/\/postmodular.de\/category\/post\/?p=10043"},"modified":"2025-06-30T07:43:12","modified_gmt":"2025-06-30T06:43:12","slug":"grundlagen-moderner-architektur-und-entwerfen","status":"publish","type":"post","link":"https:\/\/postmodular.de\/category\/post\/grundlagen-moderner-architektur-und-entwerfen\/","title":{"rendered":"Grundlagen moderner Architektur und Entwerfen"},"content":{"rendered":"<p>Besuch am Lehrstuhl f\u00fcr Grundlagen moderner Architektur und Entwerfen. Prof. Dr. Stephan Tr\u00fcby (<a href=\"https:\/\/postmodular.de\/category\/post\/mit-herausgeberschaft-geldkulturen\/\">Geldkulturen<\/a>) leitet den Lehrstuhl seit 2018 und verwaltet u. a. den Nachlass des Institutsgr\u00fcnders J\u00fcrgen Joedicke und damit auch Dokumente zur\u00a0Architekturabteilung der Hochschule f\u00fcr Gestaltung Ulm (Konrad Wachsmann, Herbert Ohl u. a.). Damals entstanden wichtige erste Impulse f\u00fcr das Thema \u203a<em>Industrialisiertes Bauen<\/em>\u2039 sowie Einsichten in das, was wir heute als \u203a<em>kybernetische Architektur<\/em>\u2039 bezeichnen. Beeindruckend ist die Sorgfalt, wie die Universit\u00e4t Stuttgart dieses Erbe verwaltet und damit die Grundlage f\u00fcr eine anschlussf\u00e4hige Debatte schafft. Eher bedauerlich ist die Tatsache, dass die vielen gestalterischen Bem\u00fchungen unserer Zeit (Film, Architektur, Information, Visuelle Kommunikation, Produktgestaltung, Interaktion, Spiel u. a.) heute so geschieden voneinander existieren. Angesichts der KI-Krise w\u00e4re eine R\u00fcckbesinnung auf diese <span style=\"font-size: 1.125rem;\">historischen Gemeinsamkeiten n\u00fctzlich.<\/span><\/p>\n<pre><a href=\"https:\/\/www.igma.uni-stuttgart.de\/\" target=\"_blank\" rel=\"noopener\">Lehrstuhl f\u00fcr Grundlagen moderner Architektur und Entwerfen<\/a>, Prof. Dr. Stephan Tr\u00fcby\r\n<a href=\"https:\/\/www.hfg-ulm.de\/de\/\" target=\"_blank\" rel=\"noopener\">Hochschule f\u00fcr Gestaltung Ulm<\/a> (1953 - 1968)<\/pre>\n","protected":false},"excerpt":{"rendered":"<p>Besuch am Lehrstuhl f\u00fcr Grundlagen moderner Architektur und Entwerfen. Prof. Dr. Stephan Tr\u00fcby (Geldkulturen) leitet den Lehrstuhl seit 2018 und verwaltet u. a. den Nachlass des Institutsgr\u00fcnders J\u00fcrgen Joedicke und<\/p>\n","protected":false},"author":2,"featured_media":10049,"comment_status":"closed","ping_status":"closed","sticky":false,"template":"","format":"standard","meta":{"footnotes":""},"categories":[356,91,1],"tags":[24,337,208,279],"class_list":["post-10043","post","type-post","status-publish","format-standard","has-post-thumbnail","hentry","category-geschichte-der-gestaltung","category-post","category-themes","tag-design","tag-design-methodik","tag-kybernetik","tag-zukunft-der-universitaet","comments-off"],"_links":{"self":[{"href":"https:\/\/postmodular.de\/category\/post\/wp-json\/wp\/v2\/posts\/10043","targetHints":{"allow":["GET"]}}],"collection":[{"href":"https:\/\/postmodular.de\/category\/post\/wp-json\/wp\/v2\/posts"}],"about":[{"href":"https:\/\/postmodular.de\/category\/post\/wp-json\/wp\/v2\/types\/post"}],"author":[{"embeddable":true,"href":"https:\/\/postmodular.de\/category\/post\/wp-json\/wp\/v2\/users\/2"}],"replies":[{"embeddable":true,"href":"https:\/\/postmodular.de\/category\/post\/wp-json\/wp\/v2\/comments?post=10043"}],"version-history":[{"count":7,"href":"https:\/\/postmodular.de\/category\/post\/wp-json\/wp\/v2\/posts\/10043\/revisions"}],"predecessor-version":[{"id":10690,"href":"https:\/\/postmodular.de\/category\/post\/wp-json\/wp\/v2\/posts\/10043\/revisions\/10690"}],"wp:featuredmedia":[{"embeddable":true,"href":"https:\/\/postmodular.de\/category\/post\/wp-json\/wp\/v2\/media\/10049"}],"wp:attachment":[{"href":"https:\/\/postmodular.de\/category\/post\/wp-json\/wp\/v2\/media?parent=10043"}],"wp:term":[{"taxonomy":"category","embeddable":true,"href":"https:\/\/postmodular.de\/category\/post\/wp-json\/wp\/v2\/categories?post=10043"},{"taxonomy":"post_tag","embeddable":true,"href":"https:\/\/postmodular.de\/category\/post\/wp-json\/wp\/v2\/tags?post=10043"}],"curies":[{"name":"wp","href":"https:\/\/api.w.org\/{rel}","templated":true}]}}