{"id":1946,"date":"2013-01-17T14:45:14","date_gmt":"2013-01-17T13:45:14","guid":{"rendered":"http:\/\/gmb.zhdk.ch\/?p=1946"},"modified":"2025-07-01T15:54:54","modified_gmt":"2025-07-01T14:54:54","slug":"vertrauen-verstehen","status":"publish","type":"post","link":"https:\/\/postmodular.de\/category\/post\/vertrauen-verstehen\/","title":{"rendered":"\u203aVertrauen verstehen\u2039"},"content":{"rendered":"<p>Nach Abschluss des Forschungsprojektes \u203a<em>Vertrauen verstehen. Grundlagen, Formen und Grenzen des Vertrauens<\/em>\u2039 (Stiftung Mercator Schweiz \/ SNF) veranstaltet die Universit\u00e4t Z\u00fcrich eine interdisziplin\u00e4re Abschlusstagung. Die Vertrauensfragen und Vertrauensprobleme sollen auf dem Hintergrund der aktuellen Vertrauensforschung diskutiert werden.<\/p>\n<p>Tagungsschwerpunkte<br \/>\n&#8211; Vertrauen in der \u00d6konomie (am Beispiel Microfinance)<br \/>\n&#8211; Vertrauen in professionellen Feldern (am Beispiel Palliative Care)<br \/>\n&#8211; Vertrauen in Politik und Religion<br \/>\n&#8211; Grundvertrauen als Grenzph\u00e4nomen<\/p>\n<p>Zwischen den Tagungsbeitr\u00e4gen wird die Preisverleihung des Fotowettbewerbs \u203aVertrauensbilder \u2013 Bildvertrauen\u2039 stattfinden. Eine der dr\u00e4ngendsten Fragen der Zeit \u2014 Bildvertrauen \u2014 ger\u00e4t hier zu einer unterhaltsamen Nebensache.<\/p>\n<pre><a href=\"https:\/\/www.hermes.uzh.ch\/de.html\" target=\"_blank\" rel=\"noopener\">Institut f\u00fcr Hermeneutik und Religionsphilosophie<\/a>, Universit\u00e4t Z\u00fcrich\r\n<a href=\"https:\/\/www.postmodular.de\/wp-content\/uploads\/2012\/10\/Programm_Tagung_Vertrauen.pdf\" target=\"_blank\" rel=\"noopener\">Tagungsprogramm<\/a><\/pre>\n","protected":false},"excerpt":{"rendered":"<p>Nach Abschluss des Forschungsprojektes \u203aVertrauen verstehen. Grundlagen, Formen und Grenzen des Vertrauens\u2039 (Stiftung Mercator Schweiz \/ SNF) veranstaltet die Universit\u00e4t Z\u00fcrich eine interdisziplin\u00e4re Abschlusstagung. Die Vertrauensfragen und Vertrauensprobleme sollen auf<\/p>\n","protected":false},"author":2,"featured_media":10105,"comment_status":"closed","ping_status":"closed","sticky":false,"template":"","format":"standard","meta":{"footnotes":""},"categories":[91],"tags":[49,26,36],"class_list":["post-1946","post","type-post","status-publish","format-standard","has-post-thumbnail","hentry","category-post","tag-digitale-handlungsraeume","tag-partizipation","tag-universitaet-zuerich","comments-off"],"_links":{"self":[{"href":"https:\/\/postmodular.de\/category\/post\/wp-json\/wp\/v2\/posts\/1946","targetHints":{"allow":["GET"]}}],"collection":[{"href":"https:\/\/postmodular.de\/category\/post\/wp-json\/wp\/v2\/posts"}],"about":[{"href":"https:\/\/postmodular.de\/category\/post\/wp-json\/wp\/v2\/types\/post"}],"author":[{"embeddable":true,"href":"https:\/\/postmodular.de\/category\/post\/wp-json\/wp\/v2\/users\/2"}],"replies":[{"embeddable":true,"href":"https:\/\/postmodular.de\/category\/post\/wp-json\/wp\/v2\/comments?post=1946"}],"version-history":[{"count":13,"href":"https:\/\/postmodular.de\/category\/post\/wp-json\/wp\/v2\/posts\/1946\/revisions"}],"predecessor-version":[{"id":10375,"href":"https:\/\/postmodular.de\/category\/post\/wp-json\/wp\/v2\/posts\/1946\/revisions\/10375"}],"wp:featuredmedia":[{"embeddable":true,"href":"https:\/\/postmodular.de\/category\/post\/wp-json\/wp\/v2\/media\/10105"}],"wp:attachment":[{"href":"https:\/\/postmodular.de\/category\/post\/wp-json\/wp\/v2\/media?parent=1946"}],"wp:term":[{"taxonomy":"category","embeddable":true,"href":"https:\/\/postmodular.de\/category\/post\/wp-json\/wp\/v2\/categories?post=1946"},{"taxonomy":"post_tag","embeddable":true,"href":"https:\/\/postmodular.de\/category\/post\/wp-json\/wp\/v2\/tags?post=1946"}],"curies":[{"name":"wp","href":"https:\/\/api.w.org\/{rel}","templated":true}]}}