{"id":2585,"date":"2014-07-03T13:48:57","date_gmt":"2014-07-03T12:48:57","guid":{"rendered":"http:\/\/offramp.ch\/?p=2585"},"modified":"2025-07-01T07:52:06","modified_gmt":"2025-07-01T06:52:06","slug":"art-of-administration","status":"publish","type":"post","link":"https:\/\/postmodular.de\/category\/post\/art-of-administration\/","title":{"rendered":"Art of Administration Lab"},"content":{"rendered":"<p>Unter dem Titel \u203a<em>AALab<\/em>\u2039 (Art of Administration) entstand ab 2014 ein kleines hochschulpolitisches Projekt. Aufgrund der gro\u00dfen strukturellen Ver\u00e4nderungen unserer Hochschule wollte ich die Themen Governance, Administration (Mittelverwendung) und digitale Verwaltungskultur untersuchen und meine eigenen Erfahrungen im Rahmen einiger Werkstattgespr\u00e4chen im Kollegium spiegeln. Bei den verantwortlichen Kolleg:innen aus den Bereichen <em>Musik<\/em>, <em>Theater<\/em>, <em>Design<\/em>, <em>Kunst und Weiterbildung <\/em>habe ich Einsch\u00e4tzungen zu den St\u00e4rken, Schw\u00e4chen, Chancen und Risiken abgefragt. Die Ergebnisse meiner Studie habe ich intern vorgestellt (Rektorat, Departementsleitung) und den Ergebnissen gem\u00e4\u00df eine Abmahnung erhalten. Nach diesen Erfahrungen habe ich begonnen, Stellenanzeigen zu studieren.<\/p>\n<blockquote class=\"wp-embedded-content\" data-secret=\"jF28UzFMJ7\"><p><a href=\"https:\/\/postmodular.de\/category\/post\/wahl-zum-rektor-der-hfbk-bremen\/\">Wahl zum Rektor der HfK Bremen<\/a><\/p><\/blockquote>\n<p><iframe loading=\"lazy\" class=\"wp-embedded-content\" sandbox=\"allow-scripts\" security=\"restricted\" style=\"position: absolute; visibility: hidden;\" title=\"&#8222;Wahl zum Rektor der HfK Bremen&#8220; &#8212; postmodular\" src=\"https:\/\/postmodular.de\/category\/post\/wahl-zum-rektor-der-hfbk-bremen\/embed\/#?secret=r1DkPcZ3qO#?secret=jF28UzFMJ7\" data-secret=\"jF28UzFMJ7\" width=\"600\" height=\"338\" frameborder=\"0\" marginwidth=\"0\" marginheight=\"0\" scrolling=\"no\"><\/iframe><\/p>\n","protected":false},"excerpt":{"rendered":"<p>Unter dem Titel \u203aAALab\u2039 (Art of Administration) entstand ab 2014 ein kleines hochschulpolitisches Projekt. Aufgrund der gro\u00dfen strukturellen Ver\u00e4nderungen unserer Hochschule wollte ich die Themen Governance, Administration (Mittelverwendung) und digitale<\/p>\n","protected":false},"author":2,"featured_media":10452,"comment_status":"closed","ping_status":"closed","sticky":false,"template":"","format":"standard","meta":{"footnotes":""},"categories":[358,108],"tags":[168,50,49,37,279],"class_list":["post-2585","post","type-post","status-publish","format-standard","has-post-thumbnail","hentry","category-positionen","category-studien","tag-buergerwissenschaft","tag-burokratie","tag-digitale-handlungsraeume","tag-zhdk","tag-zukunft-der-universitaet","comments-off"],"_links":{"self":[{"href":"https:\/\/postmodular.de\/category\/post\/wp-json\/wp\/v2\/posts\/2585","targetHints":{"allow":["GET"]}}],"collection":[{"href":"https:\/\/postmodular.de\/category\/post\/wp-json\/wp\/v2\/posts"}],"about":[{"href":"https:\/\/postmodular.de\/category\/post\/wp-json\/wp\/v2\/types\/post"}],"author":[{"embeddable":true,"href":"https:\/\/postmodular.de\/category\/post\/wp-json\/wp\/v2\/users\/2"}],"replies":[{"embeddable":true,"href":"https:\/\/postmodular.de\/category\/post\/wp-json\/wp\/v2\/comments?post=2585"}],"version-history":[{"count":9,"href":"https:\/\/postmodular.de\/category\/post\/wp-json\/wp\/v2\/posts\/2585\/revisions"}],"predecessor-version":[{"id":10453,"href":"https:\/\/postmodular.de\/category\/post\/wp-json\/wp\/v2\/posts\/2585\/revisions\/10453"}],"wp:featuredmedia":[{"embeddable":true,"href":"https:\/\/postmodular.de\/category\/post\/wp-json\/wp\/v2\/media\/10452"}],"wp:attachment":[{"href":"https:\/\/postmodular.de\/category\/post\/wp-json\/wp\/v2\/media?parent=2585"}],"wp:term":[{"taxonomy":"category","embeddable":true,"href":"https:\/\/postmodular.de\/category\/post\/wp-json\/wp\/v2\/categories?post=2585"},{"taxonomy":"post_tag","embeddable":true,"href":"https:\/\/postmodular.de\/category\/post\/wp-json\/wp\/v2\/tags?post=2585"}],"curies":[{"name":"wp","href":"https:\/\/api.w.org\/{rel}","templated":true}]}}