{"id":7431,"date":"2020-08-21T19:21:56","date_gmt":"2020-08-21T18:21:56","guid":{"rendered":"http:\/\/gmb.pastpresentfuture.de\/?p=7431"},"modified":"2025-06-28T20:38:48","modified_gmt":"2025-06-28T19:38:48","slug":"perspektiven-durch-spazierengehen","status":"publish","type":"post","link":"https:\/\/postmodular.de\/category\/post\/perspektiven-durch-spazierengehen\/","title":{"rendered":"Wem geh\u00f6rt eigentlich der \u00f6ffentliche Raum?"},"content":{"rendered":"<p>Die Studierenden Theo Gomes, Joshua Burghardt und Kevin German er\u00f6ffnen in ihrem tempor\u00e4ren Projektraum \u203aEpistemia\u2039 das Gespr\u00e4ch mit der \u00d6ffentlichkeit. In dem leer stehende ehemaligen Gesch\u00e4ftsraum in der Pforzheimer Innenstadt wurde die Frage diskutiert, wem der \u00f6ffentliche Raum geh\u00f6rt (im meinem Semesterprojekt ging es u. a. um \u203a<em>sozio\u00f6konomische Utopien<\/em>\u2039).<\/p>\n<p>Im Prospekt des <a href=\"http:\/\/laf-ev.de\/\">LAF<\/a> (Leerstand als Freiraum, Pforzheim) heisst es: \u201e<em>Bei einem Kooperationsprojekt mit dem Studiengang Master of Design and Future Making der HS Pforzheim realisierten wir im Juli ein Projekt, bei dem wir den \u00f6ffentlichen Raum als Gesellschaftsutopie thematisierten. Wir er\u00f6ffneten fu\u0308r 3 Tage den tempor\u00e4ren Projektraum \u201eEpistemia\u201c in einer seit Monaten leerstehenden Ladenfl\u00e4che inmitten der Pforzheimer Einkaufsstra\u00dfe. Ziel des Projektes war es mit Passanten ins Gespr\u00e4ch zu kommen und daru\u0308ber nachzudenken, wem der \u00f6ffentliche Raum geh\u00f6rt und wie man ihn durch zivilgesellschaftliches Engagement gestalten kann. Mit Frageb\u00f6gen konnten wir Interessierten einen Leitfaden geben, um sich mit den Themen zu besch\u00e4ftigen und mit uns ins Gespr\u00e4ch zu kommen.<\/em>\u201c<\/p>\n<p><img loading=\"lazy\" decoding=\"async\" class=\"alignnone wp-image-7641 size-donovan-list-post\" src=\"https:\/\/postmodular.de\/wp-content\/uploads\/2020\/08\/Epistemia_Ero\u0308ffnung-600x450.jpeg\" alt=\"\" width=\"600\" height=\"450\" srcset=\"https:\/\/postmodular.de\/wp-content\/uploads\/2020\/08\/Epistemia_Ero\u0308ffnung-600x450.jpeg 600w, https:\/\/postmodular.de\/wp-content\/uploads\/2020\/08\/Epistemia_Ero\u0308ffnung-212x160.jpeg 212w\" sizes=\"auto, (max-width: 600px) 100vw, 600px\" \/><\/p>\n<pre><a href=\"https:\/\/www.pz-news.de\/kultur_artikel,-Drei-Tage-fuer-eine-gesellschaftliche-Utopie-Neuer-Projektraum-oeffnet-am-Wochenende-in-Pforzheim-_arid,1461706.html\">Die Pforzheimer Zeitung berichtete \u2026<\/a>\r\nPolanyi, Karl (2019). The Great Transformation. Politische und \u00f6konomische \r\nUrspr\u00fcnge von Gesellschaften und Wirtschaftssystemen. Frankfurt am Main: Suhrkamp.<\/pre>\n","protected":false},"excerpt":{"rendered":"<p>Die Studierenden Theo Gomes, Joshua Burghardt und Kevin German er\u00f6ffnen in ihrem tempor\u00e4ren Projektraum \u203aEpistemia\u2039 das Gespr\u00e4ch mit der \u00d6ffentlichkeit. In dem leer stehende ehemaligen Gesch\u00e4ftsraum in der Pforzheimer Innenstadt<\/p>\n","protected":false},"author":2,"featured_media":7446,"comment_status":"closed","ping_status":"closed","sticky":false,"template":"","format":"standard","meta":{"footnotes":""},"categories":[271,58],"tags":[168,337,284,232,93,290],"class_list":["post-7431","post","type-post","status-publish","format-standard","has-post-thumbnail","hentry","category-studentische_projekte","category-workshops","tag-buergerwissenschaft","tag-design-methodik","tag-future-making","tag-hochschule-pforzheim","tag-kuenstlerische-forschung","tag-stadtforschung","comments-off"],"_links":{"self":[{"href":"https:\/\/postmodular.de\/category\/post\/wp-json\/wp\/v2\/posts\/7431","targetHints":{"allow":["GET"]}}],"collection":[{"href":"https:\/\/postmodular.de\/category\/post\/wp-json\/wp\/v2\/posts"}],"about":[{"href":"https:\/\/postmodular.de\/category\/post\/wp-json\/wp\/v2\/types\/post"}],"author":[{"embeddable":true,"href":"https:\/\/postmodular.de\/category\/post\/wp-json\/wp\/v2\/users\/2"}],"replies":[{"embeddable":true,"href":"https:\/\/postmodular.de\/category\/post\/wp-json\/wp\/v2\/comments?post=7431"}],"version-history":[{"count":14,"href":"https:\/\/postmodular.de\/category\/post\/wp-json\/wp\/v2\/posts\/7431\/revisions"}],"predecessor-version":[{"id":10662,"href":"https:\/\/postmodular.de\/category\/post\/wp-json\/wp\/v2\/posts\/7431\/revisions\/10662"}],"wp:featuredmedia":[{"embeddable":true,"href":"https:\/\/postmodular.de\/category\/post\/wp-json\/wp\/v2\/media\/7446"}],"wp:attachment":[{"href":"https:\/\/postmodular.de\/category\/post\/wp-json\/wp\/v2\/media?parent=7431"}],"wp:term":[{"taxonomy":"category","embeddable":true,"href":"https:\/\/postmodular.de\/category\/post\/wp-json\/wp\/v2\/categories?post=7431"},{"taxonomy":"post_tag","embeddable":true,"href":"https:\/\/postmodular.de\/category\/post\/wp-json\/wp\/v2\/tags?post=7431"}],"curies":[{"name":"wp","href":"https:\/\/api.w.org\/{rel}","templated":true}]}}