{"id":8114,"date":"2007-04-10T21:46:50","date_gmt":"2007-04-10T20:46:50","guid":{"rendered":"https:\/\/postmodular.de\/?p=8114"},"modified":"2021-05-26T18:55:19","modified_gmt":"2021-05-26T17:55:19","slug":"die-geschichte-der-ballonfahrerei","status":"publish","type":"post","link":"https:\/\/postmodular.de\/category\/post\/die-geschichte-der-ballonfahrerei\/","title":{"rendered":"Die Geschichte der Ballonfahrt"},"content":{"rendered":"<p>2007 erhielt Plasmadesign vom Verkehrshaus der Schweiz in Luzern den Auftrag zur Entwicklung eines Ausstellungsobjektes. Es ging um eine zeitgem\u00e4\u00dfe Inszenierung der Geschichte der Ballonfahrt. Wir haben einen fahrbaren Monitor-Schlitten \u00fcber einem Pult montiert \u2026 so lassen sich Stationen in der Geschichte der Ballonfahrt ansteuern und via Bildschirm illustrieren. Die damalige L\u00f6sung war durchaus kompliziert. Heute w\u00fcrde man das anders machen. Es war eine herausfordernde Arbeit \u2026 viel Technik, viel Tricks. Die Timeline funktioniert bis zum heutigen Tag.<\/p>\n","protected":false},"excerpt":{"rendered":"<p>2007 erhielt Plasmadesign vom Verkehrshaus der Schweiz in Luzern den Auftrag zur Entwicklung eines Ausstellungsobjektes. Es ging um eine zeitgem\u00e4\u00dfe Inszenierung der Geschichte der Ballonfahrt. Wir haben einen fahrbaren Monitor-Schlitten<\/p>\n","protected":false},"author":2,"featured_media":8115,"comment_status":"closed","ping_status":"open","sticky":false,"template":"","format":"standard","meta":{"footnotes":""},"categories":[266],"tags":[24,329,10,109],"class_list":["post-8114","post","type-post","status-publish","format-standard","has-post-thumbnail","hentry","category-gestaltungsprojekte","tag-design","tag-mobilitaet","tag-plasmadesign","tag-technikgeschichte","comments-off"],"_links":{"self":[{"href":"https:\/\/postmodular.de\/category\/post\/wp-json\/wp\/v2\/posts\/8114","targetHints":{"allow":["GET"]}}],"collection":[{"href":"https:\/\/postmodular.de\/category\/post\/wp-json\/wp\/v2\/posts"}],"about":[{"href":"https:\/\/postmodular.de\/category\/post\/wp-json\/wp\/v2\/types\/post"}],"author":[{"embeddable":true,"href":"https:\/\/postmodular.de\/category\/post\/wp-json\/wp\/v2\/users\/2"}],"replies":[{"embeddable":true,"href":"https:\/\/postmodular.de\/category\/post\/wp-json\/wp\/v2\/comments?post=8114"}],"version-history":[{"count":4,"href":"https:\/\/postmodular.de\/category\/post\/wp-json\/wp\/v2\/posts\/8114\/revisions"}],"predecessor-version":[{"id":8303,"href":"https:\/\/postmodular.de\/category\/post\/wp-json\/wp\/v2\/posts\/8114\/revisions\/8303"}],"wp:featuredmedia":[{"embeddable":true,"href":"https:\/\/postmodular.de\/category\/post\/wp-json\/wp\/v2\/media\/8115"}],"wp:attachment":[{"href":"https:\/\/postmodular.de\/category\/post\/wp-json\/wp\/v2\/media?parent=8114"}],"wp:term":[{"taxonomy":"category","embeddable":true,"href":"https:\/\/postmodular.de\/category\/post\/wp-json\/wp\/v2\/categories?post=8114"},{"taxonomy":"post_tag","embeddable":true,"href":"https:\/\/postmodular.de\/category\/post\/wp-json\/wp\/v2\/tags?post=8114"}],"curies":[{"name":"wp","href":"https:\/\/api.w.org\/{rel}","templated":true}]}}